{"id":3531,"date":"2019-08-29T17:41:05","date_gmt":"2019-08-29T17:41:05","guid":{"rendered":"http:\/\/www.vulkan-nova.hr\/?p=3531"},"modified":"2019-08-31T08:45:51","modified_gmt":"2019-08-31T08:45:51","slug":"vulkan-nova-spremna-za-sajam-neva-2019","status":"publish","type":"post","link":"https:\/\/www.vulkan-nova.hr\/hr\/vulkan-nova-spremna-za-sajam-neva-2019\/","title":{"rendered":"VULKAN-NOVA spremna za Sajam NEVA 2019."},"content":{"rendered":"<p>VULKAN-NOVA jedan je od odabranih hrvatskih predstavnika koji \u0107e se imati priliku predstaviti na 15. me\u0111unarodnom sajmu i konferenciji pomorske industrije NEVA koja se odr\u017eava od 17. do 20. rujna u St. Petersburgu.<\/p>\n<p>Na \u0161tandu Hrvatske gospodarske komore, VULKAN-NOVA biti \u0107e jedan od brojnih izlaga\u010da iz cijelog svijeta koji \u0107e svoje proizvode i usluge prezentirati posjetiteljima i potencijalnim kupcima ovog presti\u017enog sajma.<\/p>\n<p>VULKAN-NOVA, koja gradi ugled na ruskom tr\u017ei\u0161tu, iskoristit \u0107e svoje sudjelovanje kako bi pove\u0107ala vidljivost na heterogenom ruskom tr\u017ei\u0161tu i nametnula se kao ozbiljan partner spreman za ekspanziju na nova tr\u017ei\u0161ta.<\/p>\n<p>\u201eOvaj sajam izvrsna je prilika za nas da predstavimo na\u0161u kvalitetu i dugu tradiciju kupcima kroz izravan kontakt, oja\u010damo odnose s postoje\u0107im partnerima, prona\u0111emo primjere dobre prakse od kojih mo\u017eemo u\u010diti te, iznad svega, uspostavimo poslovne kontakte u namjeri da se, postizanjem suradnje, unaprijedi i pro\u0161iri poslovanje na inozemnim tr\u017ei\u0161tima kao i u\u010dvrsti pozicija na ruskom tr\u017ei\u0161tu. Sa sobom ponosno nosimo etiketu Rijeke kao va\u017ene luke i brodogra\u0111evne sile, a \u010dinjenica postojanja tradicije od 90 godine s brojnim uspjesima iza nas i velikim ambicijama ispred nas obja\u0161njava za\u0161to se s punim pravom smatramo spremnim za uspostavu novih kvalitetnih i dugoro\u010dnih me\u0111unarodnih suradnji\u201c, zaklju\u010dio je direktor Vukeli\u0107.<\/p>\n<p>&nbsp;<\/p>\n<p>Logo preuzet sa slu\u017ebene Internet stranice <a href=\"https:\/\/transtec-neva.com\/\">Neva 2019.<\/a><\/p>","protected":false},"excerpt":{"rendered":"<p>VULKAN-NOVA jedan je od odabranih hrvatskih predstavnika koji \u0107e se imati priliku predstaviti na 15. me\u0111unarodnom sajmu i konferenciji pomorske industrije NEVA koja se odr\u017eava od 17. do 20. rujna u St. Petersburgu. Na \u0161tandu Hrvatske gospodarske komore, VULKAN-NOVA biti &hellip;<\/p>\n","protected":false},"author":4,"featured_media":3532,"comment_status":"closed","ping_status":"closed","sticky":false,"template":"","format":"standard","meta":{"footnotes":""},"categories":[27],"tags":[],"yoast_head":"<!-- This site is optimized with the Yoast SEO plugin v21.8 - https:\/\/yoast.com\/wordpress\/plugins\/seo\/ -->\n<title>VULKAN-NOVA spremna za Sajam NEVA 2019. - Vulkan-Nova<\/title>\n<meta name=\"robots\" content=\"index, follow, max-snippet:-1, max-image-preview:large, max-video-preview:-1\" \/>\n<link rel=\"canonical\" href=\"https:\/\/www.vulkan-nova.hr\/hr\/vulkan-nova-spremna-za-sajam-neva-2019\/\" \/>\n<meta property=\"og:locale\" content=\"hr_HR\" \/>\n<meta property=\"og:type\" content=\"article\" \/>\n<meta property=\"og:title\" content=\"[:hr]VULKAN-NOVA spremna za Sajam NEVA 2019.[:en] VULKAN-NOVA ready for The NEVA 2019[:] - Vulkan-Nova\" \/>\n<meta property=\"og:description\" content=\"VULKAN-NOVA jedan je od odabranih hrvatskih predstavnika koji \u0107e se imati priliku predstaviti na 15. me\u0111unarodnom sajmu i konferenciji pomorske industrije NEVA koja se odr\u017eava od 17. do 20. rujna u St. Petersburgu. Na \u0161tandu Hrvatske gospodarske komore, VULKAN-NOVA biti &hellip;\" \/>\n<meta property=\"og:url\" content=\"https:\/\/www.vulkan-nova.hr\/hr\/vulkan-nova-spremna-za-sajam-neva-2019\/\" \/>\n<meta property=\"og:site_name\" content=\"Vulkan-Nova\" \/>\n<meta property=\"article:published_time\" content=\"2019-08-29T17:41:05+00:00\" \/>\n<meta property=\"article:modified_time\" content=\"2019-08-31T08:45:51+00:00\" \/>\n<meta property=\"og:image\" content=\"https:\/\/www.vulkan-nova.hr\/wp-content\/uploads\/2019\/08\/logo2.png\" \/>\n\t<meta property=\"og:image:width\" content=\"600\" \/>\n\t<meta property=\"og:image:height\" content=\"209\" \/>\n\t<meta property=\"og:image:type\" content=\"image\/png\" \/>\n<meta name=\"author\" content=\"Marina\" \/>\n<meta name=\"twitter:card\" content=\"summary_large_image\" \/>\n<meta name=\"twitter:label1\" content=\"Napisao\/la\" \/>\n\t<meta name=\"twitter:data1\" content=\"Marina\" \/>\n\t<meta name=\"twitter:label2\" content=\"Procijenjeno vrijeme \u010ditanja\" \/>\n\t<meta name=\"twitter:data2\" content=\"2 minute\" \/>\n<script type=\"application\/ld+json\" class=\"yoast-schema-graph\">{\"@context\":\"https:\/\/schema.org\",\"@graph\":[{\"@type\":\"WebPage\",\"@id\":\"https:\/\/www.vulkan-nova.hr\/hr\/vulkan-nova-spremna-za-sajam-neva-2019\/\",\"url\":\"https:\/\/www.vulkan-nova.hr\/hr\/vulkan-nova-spremna-za-sajam-neva-2019\/\",\"name\":\"[:hr]VULKAN-NOVA spremna za Sajam NEVA 2019.[:en] VULKAN-NOVA ready for The NEVA 2019[:] - Vulkan-Nova\",\"isPartOf\":{\"@id\":\"https:\/\/www.vulkan-nova.hr\/hr\/#website\"},\"datePublished\":\"2019-08-29T17:41:05+00:00\",\"dateModified\":\"2019-08-31T08:45:51+00:00\",\"author\":{\"@id\":\"https:\/\/www.vulkan-nova.hr\/hr\/#\/schema\/person\/4a20c65317d77e19f9cc13ee30d9d2e9\"},\"breadcrumb\":{\"@id\":\"https:\/\/www.vulkan-nova.hr\/hr\/vulkan-nova-spremna-za-sajam-neva-2019\/#breadcrumb\"},\"inLanguage\":\"hr\",\"potentialAction\":[{\"@type\":\"ReadAction\",\"target\":[\"https:\/\/www.vulkan-nova.hr\/hr\/vulkan-nova-spremna-za-sajam-neva-2019\/\"]}]},{\"@type\":\"BreadcrumbList\",\"@id\":\"https:\/\/www.vulkan-nova.hr\/hr\/vulkan-nova-spremna-za-sajam-neva-2019\/#breadcrumb\",\"itemListElement\":[{\"@type\":\"ListItem\",\"position\":1,\"name\":\"Po\u010detna stranica\",\"item\":\"https:\/\/www.vulkan-nova.hr\/\"},{\"@type\":\"ListItem\",\"position\":2,\"name\":\"VULKAN-NOVA spremna za Sajam NEVA 2019.\"}]},{\"@type\":\"WebSite\",\"@id\":\"https:\/\/www.vulkan-nova.hr\/hr\/#website\",\"url\":\"https:\/\/www.vulkan-nova.hr\/hr\/\",\"name\":\"Vulkan-Nova\",\"description\":\"Tvornica dizalica i brodske opreme\",\"potentialAction\":[{\"@type\":\"SearchAction\",\"target\":{\"@type\":\"EntryPoint\",\"urlTemplate\":\"https:\/\/www.vulkan-nova.hr\/hr\/?s={search_term_string}\"},\"query-input\":\"required name=search_term_string\"}],\"inLanguage\":\"hr\"},{\"@type\":\"Person\",\"@id\":\"https:\/\/www.vulkan-nova.hr\/hr\/#\/schema\/person\/4a20c65317d77e19f9cc13ee30d9d2e9\",\"name\":\"Marina\",\"image\":{\"@type\":\"ImageObject\",\"inLanguage\":\"hr\",\"@id\":\"https:\/\/www.vulkan-nova.hr\/hr\/#\/schema\/person\/image\/\",\"url\":\"https:\/\/secure.gravatar.com\/avatar\/29274c608909ff4bc4b2238c9ddb7b94?s=96&d=mm&r=g\",\"contentUrl\":\"https:\/\/secure.gravatar.com\/avatar\/29274c608909ff4bc4b2238c9ddb7b94?s=96&d=mm&r=g\",\"caption\":\"Marina\"},\"url\":\"https:\/\/www.vulkan-nova.hr\/hr\/author\/kreativmedia\/\"}]}<\/script>\n<!-- \/ Yoast SEO plugin. -->","yoast_head_json":{"title":"[:hr]VULKAN-NOVA spremna za Sajam NEVA 2019.[:en] VULKAN-NOVA ready for The NEVA 2019[:] - Vulkan-Nova","robots":{"index":"index","follow":"follow","max-snippet":"max-snippet:-1","max-image-preview":"max-image-preview:large","max-video-preview":"max-video-preview:-1"},"canonical":"https:\/\/www.vulkan-nova.hr\/hr\/vulkan-nova-spremna-za-sajam-neva-2019\/","og_locale":"hr_HR","og_type":"article","og_title":"[:hr]VULKAN-NOVA spremna za Sajam NEVA 2019.[:en] VULKAN-NOVA ready for The NEVA 2019[:] - Vulkan-Nova","og_description":"VULKAN-NOVA jedan je od odabranih hrvatskih predstavnika koji \u0107e se imati priliku predstaviti na 15. me\u0111unarodnom sajmu i konferenciji pomorske industrije NEVA koja se odr\u017eava od 17. do 20. rujna u St. Petersburgu. Na \u0161tandu Hrvatske gospodarske komore, VULKAN-NOVA biti &hellip;","og_url":"https:\/\/www.vulkan-nova.hr\/hr\/vulkan-nova-spremna-za-sajam-neva-2019\/","og_site_name":"Vulkan-Nova","article_published_time":"2019-08-29T17:41:05+00:00","article_modified_time":"2019-08-31T08:45:51+00:00","og_image":[{"width":600,"height":209,"url":"https:\/\/www.vulkan-nova.hr\/wp-content\/uploads\/2019\/08\/logo2.png","type":"image\/png"}],"author":"Marina","twitter_card":"summary_large_image","twitter_misc":{"Napisao\/la":"Marina","Procijenjeno vrijeme \u010ditanja":"2 minute"},"schema":{"@context":"https:\/\/schema.org","@graph":[{"@type":"WebPage","@id":"https:\/\/www.vulkan-nova.hr\/hr\/vulkan-nova-spremna-za-sajam-neva-2019\/","url":"https:\/\/www.vulkan-nova.hr\/hr\/vulkan-nova-spremna-za-sajam-neva-2019\/","name":"[:hr]VULKAN-NOVA spremna za Sajam NEVA 2019.[:en] VULKAN-NOVA ready for The NEVA 2019[:] - Vulkan-Nova","isPartOf":{"@id":"https:\/\/www.vulkan-nova.hr\/hr\/#website"},"datePublished":"2019-08-29T17:41:05+00:00","dateModified":"2019-08-31T08:45:51+00:00","author":{"@id":"https:\/\/www.vulkan-nova.hr\/hr\/#\/schema\/person\/4a20c65317d77e19f9cc13ee30d9d2e9"},"breadcrumb":{"@id":"https:\/\/www.vulkan-nova.hr\/hr\/vulkan-nova-spremna-za-sajam-neva-2019\/#breadcrumb"},"inLanguage":"hr","potentialAction":[{"@type":"ReadAction","target":["https:\/\/www.vulkan-nova.hr\/hr\/vulkan-nova-spremna-za-sajam-neva-2019\/"]}]},{"@type":"BreadcrumbList","@id":"https:\/\/www.vulkan-nova.hr\/hr\/vulkan-nova-spremna-za-sajam-neva-2019\/#breadcrumb","itemListElement":[{"@type":"ListItem","position":1,"name":"Po\u010detna stranica","item":"https:\/\/www.vulkan-nova.hr\/"},{"@type":"ListItem","position":2,"name":"VULKAN-NOVA spremna za Sajam NEVA 2019."}]},{"@type":"WebSite","@id":"https:\/\/www.vulkan-nova.hr\/hr\/#website","url":"https:\/\/www.vulkan-nova.hr\/hr\/","name":"Vulkan-Nova","description":"Tvornica dizalica i brodske opreme","potentialAction":[{"@type":"SearchAction","target":{"@type":"EntryPoint","urlTemplate":"https:\/\/www.vulkan-nova.hr\/hr\/?s={search_term_string}"},"query-input":"required name=search_term_string"}],"inLanguage":"hr"},{"@type":"Person","@id":"https:\/\/www.vulkan-nova.hr\/hr\/#\/schema\/person\/4a20c65317d77e19f9cc13ee30d9d2e9","name":"Marina","image":{"@type":"ImageObject","inLanguage":"hr","@id":"https:\/\/www.vulkan-nova.hr\/hr\/#\/schema\/person\/image\/","url":"https:\/\/secure.gravatar.com\/avatar\/29274c608909ff4bc4b2238c9ddb7b94?s=96&d=mm&r=g","contentUrl":"https:\/\/secure.gravatar.com\/avatar\/29274c608909ff4bc4b2238c9ddb7b94?s=96&d=mm&r=g","caption":"Marina"},"url":"https:\/\/www.vulkan-nova.hr\/hr\/author\/kreativmedia\/"}]}},"_links":{"self":[{"href":"https:\/\/www.vulkan-nova.hr\/hr\/wp-json\/wp\/v2\/posts\/3531"}],"collection":[{"href":"https:\/\/www.vulkan-nova.hr\/hr\/wp-json\/wp\/v2\/posts"}],"about":[{"href":"https:\/\/www.vulkan-nova.hr\/hr\/wp-json\/wp\/v2\/types\/post"}],"author":[{"embeddable":true,"href":"https:\/\/www.vulkan-nova.hr\/hr\/wp-json\/wp\/v2\/users\/4"}],"replies":[{"embeddable":true,"href":"https:\/\/www.vulkan-nova.hr\/hr\/wp-json\/wp\/v2\/comments?post=3531"}],"version-history":[{"count":2,"href":"https:\/\/www.vulkan-nova.hr\/hr\/wp-json\/wp\/v2\/posts\/3531\/revisions"}],"predecessor-version":[{"id":3534,"href":"https:\/\/www.vulkan-nova.hr\/hr\/wp-json\/wp\/v2\/posts\/3531\/revisions\/3534"}],"wp:featuredmedia":[{"embeddable":true,"href":"https:\/\/www.vulkan-nova.hr\/hr\/wp-json\/wp\/v2\/media\/3532"}],"wp:attachment":[{"href":"https:\/\/www.vulkan-nova.hr\/hr\/wp-json\/wp\/v2\/media?parent=3531"}],"wp:term":[{"taxonomy":"category","embeddable":true,"href":"https:\/\/www.vulkan-nova.hr\/hr\/wp-json\/wp\/v2\/categories?post=3531"},{"taxonomy":"post_tag","embeddable":true,"href":"https:\/\/www.vulkan-nova.hr\/hr\/wp-json\/wp\/v2\/tags?post=3531"}],"curies":[{"name":"wp","href":"https:\/\/api.w.org\/{rel}","templated":true}]}}